{"id":10534,"date":"2021-03-20T10:23:22","date_gmt":"2021-03-20T09:23:22","guid":{"rendered":"http:\/\/almkullens.se\/?p=10534"},"modified":"2021-03-20T14:52:51","modified_gmt":"2021-03-20T13:52:51","slug":"fia-loper-2","status":"publish","type":"post","link":"https:\/\/almkullens.se\/?p=10534","title":{"rendered":"Fia l\u00f6per"},"content":{"rendered":"\n\n\n<div class=\"wp-block-media-text alignwide has-media-on-the-right is-stacked-on-mobile\"><figure class=\"wp-block-media-text__media\"><a href=\"https:\/\/almkullens.se\/wp-content\/uploads\/2021\/01\/258.jpg\" rel=\"lightbox[10534]\"><img loading=\"lazy\" decoding=\"async\" width=\"1024\" height=\"768\" src=\"https:\/\/almkullens.se\/wp-content\/uploads\/2021\/01\/258-1024x768.jpg\" alt=\"\" class=\"wp-image-10476 size-full\" srcset=\"https:\/\/almkullens.se\/wp-content\/uploads\/2021\/01\/258-1024x768.jpg 1024w, https:\/\/almkullens.se\/wp-content\/uploads\/2021\/01\/258-300x225.jpg 300w, https:\/\/almkullens.se\/wp-content\/uploads\/2021\/01\/258-768x576.jpg 768w, https:\/\/almkullens.se\/wp-content\/uploads\/2021\/01\/258-1536x1152.jpg 1536w, https:\/\/almkullens.se\/wp-content\/uploads\/2021\/01\/258.jpg 1800w\" sizes=\"auto, (max-width: 1024px) 100vw, 1024px\" \/><\/a><\/figure><div class=\"wp-block-media-text__content\">\n<p class=\"has-medium-font-size wp-block-paragraph\">\u00c4ntligen s\u00e5 b\u00f6rjade Fia l\u00f6pa! S\u00e5 nu hoppas vi p\u00e5 parning i b\u00f6rjan p\u00e5 april med Almkullens Gideon, Fia \u00e4r en breton som g\u00e5r mycket starkt med en fantastiskt fin reviering hon har 1 pris i Elitklass och 2xCERT p\u00e5 utst\u00e4llning, hon har HD:B och HQ: 0,98. Fia har en tydlig av och p\u00e5 knapp och vill g\u00e4rna gosa i soffan. <br \/>Gideon har tv\u00e5 1 pris i Ukl och CERT p\u00e5 utst\u00e4llning han har HD:A och HQ: 1,0<br \/>Vi f\u00f6rv\u00e4ntar oss valpar med mycket h\u00f6g jaktlust fart och en god stil och med en fin naturlig reviering.<br \/>F\u00e4rgerna kan bli Vit\/Orange Vit\/Svart och tricolor. Alla kommer att ha svans.<br \/>Om allt g\u00e5r som det ska s\u00e5 blir detta Almkullens J-kull!<\/p>\n<\/div><\/div>\n\n\n\n<div class=\"wp-block-columns is-layout-flex wp-container-core-columns-is-layout-8f761849 wp-block-columns-is-layout-flex\">\n<div class=\"wp-block-column is-layout-flow wp-block-column-is-layout-flow\" style=\"flex-basis:66.67%\">\n<div class=\"wp-block-group\"><div class=\"wp-block-group__inner-container is-layout-flow wp-block-group-is-layout-flow\">\n<figure class=\"wp-block-image size-large\"><a href=\"https:\/\/almkullens.se\/wp-content\/uploads\/2017\/10\/033.jpg\" rel=\"lightbox[10534]\"><img loading=\"lazy\" decoding=\"async\" width=\"1024\" height=\"683\" src=\"https:\/\/almkullens.se\/wp-content\/uploads\/2017\/10\/033-1024x683.jpg\" alt=\"\" class=\"wp-image-8153\" srcset=\"https:\/\/almkullens.se\/wp-content\/uploads\/2017\/10\/033-1024x683.jpg 1024w, https:\/\/almkullens.se\/wp-content\/uploads\/2017\/10\/033-300x200.jpg 300w, https:\/\/almkullens.se\/wp-content\/uploads\/2017\/10\/033-768x512.jpg 768w, https:\/\/almkullens.se\/wp-content\/uploads\/2017\/10\/033.jpg 1600w\" sizes=\"auto, (max-width: 1024px) 100vw, 1024px\" \/><\/a><figcaption>Almkullens Gideon<\/figcaption><\/figure>\n<\/div><\/div>\n<\/div>\n\n\n\n<div class=\"wp-block-column is-layout-flow wp-block-column-is-layout-flow\" style=\"flex-basis:33.33%\">\n<figure class=\"wp-block-image size-large\"><a href=\"https:\/\/almkullens.se\/wp-content\/uploads\/2021\/03\/J-kull.jpg\" rel=\"lightbox[10534]\"><img loading=\"lazy\" decoding=\"async\" width=\"899\" height=\"633\" src=\"https:\/\/almkullens.se\/wp-content\/uploads\/2021\/03\/J-kull.jpg\" alt=\"\" class=\"wp-image-10540\" srcset=\"https:\/\/almkullens.se\/wp-content\/uploads\/2021\/03\/J-kull.jpg 899w, https:\/\/almkullens.se\/wp-content\/uploads\/2021\/03\/J-kull-300x211.jpg 300w, https:\/\/almkullens.se\/wp-content\/uploads\/2021\/03\/J-kull-768x541.jpg 768w\" sizes=\"auto, (max-width: 899px) 100vw, 899px\" \/><\/a><\/figure>\n<\/div>\n<\/div>\n\n\n","protected":false},"excerpt":{"rendered":"<p>\u00c4ntligen s\u00e5 b\u00f6rjade Fia l\u00f6pa! S\u00e5 nu hoppas vi p\u00e5 parning i b\u00f6rjan p\u00e5 april med Almkullens Gideon, Fia \u00e4r en breton som g\u00e5r mycket starkt med en fantastiskt fin reviering hon har 1 pris i Elitklass och 2xCERT p\u00e5 utst\u00e4llning, hon har HD:B och HQ: 0,98. Fia har en tydlig av och p\u00e5 knapp [&hellip;]<\/p>\n","protected":false},"author":1,"featured_media":0,"comment_status":"open","ping_status":"open","sticky":false,"template":"","format":"standard","meta":{"_crdt_document":"","advgb_blocks_editor_width":"","advgb_blocks_columns_visual_guide":"","_jetpack_memberships_contains_paid_content":false,"footnotes":""},"categories":[1],"tags":[],"class_list":["post-10534","post","type-post","status-publish","format-standard","hentry","category-hem","entry"],"author_meta":{"display_name":"Peter &amp; Johanna","author_link":"https:\/\/almkullens.se\/?author=1"},"featured_img":null,"jetpack_featured_media_url":"","coauthors":[],"tax_additional":{"categories":{"linked":["<a href=\"https:\/\/almkullens.se\/?cat=1\" class=\"advgb-post-tax-term\">Hem<\/a>"],"unlinked":["<span class=\"advgb-post-tax-term\">Hem<\/span>"]}},"comment_count":"1","relative_dates":{"created":"Publicerad 5 \u00e5r sedan","modified":"Uppdaterad 5 \u00e5r sedan"},"absolute_dates":{"created":"Publicerat den 20 mars, 2021","modified":"Uppdaterad den 20 mars, 2021"},"absolute_dates_time":{"created":"Publicerat den 20 mars, 2021 10:23","modified":"Uppdaterad den 20 mars, 2021 14:52"},"featured_img_caption":"","series_order":"","jetpack_sharing_enabled":true,"_links":{"self":[{"href":"https:\/\/almkullens.se\/index.php?rest_route=\/wp\/v2\/posts\/10534","targetHints":{"allow":["GET"]}}],"collection":[{"href":"https:\/\/almkullens.se\/index.php?rest_route=\/wp\/v2\/posts"}],"about":[{"href":"https:\/\/almkullens.se\/index.php?rest_route=\/wp\/v2\/types\/post"}],"author":[{"embeddable":true,"href":"https:\/\/almkullens.se\/index.php?rest_route=\/wp\/v2\/users\/1"}],"replies":[{"embeddable":true,"href":"https:\/\/almkullens.se\/index.php?rest_route=%2Fwp%2Fv2%2Fcomments&post=10534"}],"version-history":[{"count":5,"href":"https:\/\/almkullens.se\/index.php?rest_route=\/wp\/v2\/posts\/10534\/revisions"}],"predecessor-version":[{"id":10544,"href":"https:\/\/almkullens.se\/index.php?rest_route=\/wp\/v2\/posts\/10534\/revisions\/10544"}],"wp:attachment":[{"href":"https:\/\/almkullens.se\/index.php?rest_route=%2Fwp%2Fv2%2Fmedia&parent=10534"}],"wp:term":[{"taxonomy":"category","embeddable":true,"href":"https:\/\/almkullens.se\/index.php?rest_route=%2Fwp%2Fv2%2Fcategories&post=10534"},{"taxonomy":"post_tag","embeddable":true,"href":"https:\/\/almkullens.se\/index.php?rest_route=%2Fwp%2Fv2%2Ftags&post=10534"}],"curies":[{"name":"wp","href":"https:\/\/api.w.org\/{rel}","templated":true}]}}