{"id":10420,"date":"2020-11-19T10:02:46","date_gmt":"2020-11-19T09:02:46","guid":{"rendered":"http:\/\/almkullens.se\/?p=10420"},"modified":"2020-12-31T08:26:23","modified_gmt":"2020-12-31T07:26:23","slug":"vi-gratulerar-vara-duktiga-valpkopare","status":"publish","type":"post","link":"https:\/\/almkullens.se\/?p=10420","title":{"rendered":"Vi gratulerar v\u00e5ra duktiga valpk\u00f6pare!"},"content":{"rendered":"\n\n\n<div class=\"wp-block-media-text alignwide has-media-on-the-right is-stacked-on-mobile\"><figure class=\"wp-block-media-text__media\"><a href=\"https:\/\/almkullens.se\/wp-content\/uploads\/2020\/11\/507.jpg\" rel=\"lightbox[10420]\"><img loading=\"lazy\" decoding=\"async\" width=\"1024\" height=\"1024\" src=\"https:\/\/almkullens.se\/wp-content\/uploads\/2020\/11\/507-1024x1024.jpg\" alt=\"\" class=\"wp-image-10421 size-full\" srcset=\"https:\/\/almkullens.se\/wp-content\/uploads\/2020\/11\/507-1024x1024.jpg 1024w, https:\/\/almkullens.se\/wp-content\/uploads\/2020\/11\/507-300x300.jpg 300w, https:\/\/almkullens.se\/wp-content\/uploads\/2020\/11\/507-150x150.jpg 150w, https:\/\/almkullens.se\/wp-content\/uploads\/2020\/11\/507-768x768.jpg 768w, https:\/\/almkullens.se\/wp-content\/uploads\/2020\/11\/507-1536x1536.jpg 1536w, https:\/\/almkullens.se\/wp-content\/uploads\/2020\/11\/507.jpg 1800w\" sizes=\"auto, (max-width: 1024px) 100vw, 1024px\" \/><\/a><\/figure><div class=\"wp-block-media-text__content\">\n<p class=\"has-medium-font-size wp-block-paragraph\"><br \/>Anders Ylen med Almkullens Freja som har tagit hela 3st 2 pris i Elitklass! WOW!<\/p>\n\n\n\n<p class=\"has-medium-font-size wp-block-paragraph\">Kenneth Gr\u00e5hn har f\u00e5tt ett 2 pris i Ekl (Finland) med Almkullens Frasse han har ocks\u00e5 gjort efters\u00f6ksgrenarna Ekl med full pott! <\/p>\n\n\n\n<p class=\"has-medium-font-size wp-block-paragraph\">Peter Boustedt har f\u00e5tt tv\u00e5 st 3 pris i \u00d6kl med Almkullens Isidor.<\/p>\n\n\n\n<p class=\"has-medium-font-size wp-block-paragraph\">Vi gratulerar \u00e4ven Mats Andersson som i v\u00e5ras fick ett 2 pris i \u00d6kl med Almkullens Hamilton.<\/p>\n\n\n\n<p class=\"has-medium-font-size wp-block-paragraph\">STORT GRATTIS ALLIHOP!<\/p>\n\n\n\n<p class=\"has-medium-font-size wp-block-paragraph\">Vi kan ocks\u00e5 gl\u00e4djande nog se att vi har hela 12 &#8221;barnbarn&#8221; som har g\u00e5tt till pris p\u00e5 jaktprov! (d\u00e4r n\u00e5gon av f\u00f6r\u00e4ldrarna \u00e4r en Almkullare men det \u00e4r inte vi som \u00e4r uppf\u00f6dare)<\/p>\n<\/div><\/div>\n\n\n\n\n\n<figure class=\"wp-block-image alignwide size-large\"><a href=\"https:\/\/almkullens.se\/wp-content\/uploads\/2020\/11\/381.jpg\" rel=\"lightbox[10420]\"><img loading=\"lazy\" decoding=\"async\" width=\"1024\" height=\"683\" src=\"https:\/\/almkullens.se\/wp-content\/uploads\/2020\/11\/381-1024x683.jpg\" alt=\"\" class=\"wp-image-10422\" srcset=\"https:\/\/almkullens.se\/wp-content\/uploads\/2020\/11\/381-1024x683.jpg 1024w, https:\/\/almkullens.se\/wp-content\/uploads\/2020\/11\/381-300x200.jpg 300w, https:\/\/almkullens.se\/wp-content\/uploads\/2020\/11\/381-768x512.jpg 768w, https:\/\/almkullens.se\/wp-content\/uploads\/2020\/11\/381-1536x1024.jpg 1536w, https:\/\/almkullens.se\/wp-content\/uploads\/2020\/11\/381.jpg 1800w\" sizes=\"auto, (max-width: 1024px) 100vw, 1024px\" \/><\/a><figcaption>Almkullens Isidor<\/figcaption><\/figure>\n","protected":false},"excerpt":{"rendered":"<p>Anders Ylen med Almkullens Freja som har tagit hela 3st 2 pris i Elitklass! WOW! Kenneth Gr\u00e5hn har f\u00e5tt ett 2 pris i Ekl (Finland) med Almkullens Frasse han har ocks\u00e5 gjort efters\u00f6ksgrenarna Ekl med full pott! Peter Boustedt har f\u00e5tt tv\u00e5 st 3 pris i \u00d6kl med Almkullens Isidor. Vi gratulerar \u00e4ven Mats Andersson [&hellip;]<\/p>\n","protected":false},"author":1,"featured_media":0,"comment_status":"open","ping_status":"open","sticky":false,"template":"","format":"standard","meta":{"_crdt_document":"","advgb_blocks_editor_width":"","advgb_blocks_columns_visual_guide":"","_jetpack_memberships_contains_paid_content":false,"footnotes":""},"categories":[1],"tags":[],"class_list":["post-10420","post","type-post","status-publish","format-standard","hentry","category-hem","entry"],"author_meta":{"display_name":"Peter &amp; Johanna","author_link":"https:\/\/almkullens.se\/?author=1"},"featured_img":null,"jetpack_featured_media_url":"","coauthors":[],"tax_additional":{"categories":{"linked":["<a href=\"https:\/\/almkullens.se\/?cat=1\" class=\"advgb-post-tax-term\">Hem<\/a>"],"unlinked":["<span class=\"advgb-post-tax-term\">Hem<\/span>"]}},"comment_count":"0","relative_dates":{"created":"Publicerad 5 \u00e5r sedan","modified":"Uppdaterad 5 \u00e5r sedan"},"absolute_dates":{"created":"Publicerat den 19 november, 2020","modified":"Uppdaterad den 31 december, 2020"},"absolute_dates_time":{"created":"Publicerat den 19 november, 2020 10:02","modified":"Uppdaterad den 31 december, 2020 08:26"},"featured_img_caption":"","series_order":"","jetpack_sharing_enabled":true,"_links":{"self":[{"href":"https:\/\/almkullens.se\/index.php?rest_route=\/wp\/v2\/posts\/10420","targetHints":{"allow":["GET"]}}],"collection":[{"href":"https:\/\/almkullens.se\/index.php?rest_route=\/wp\/v2\/posts"}],"about":[{"href":"https:\/\/almkullens.se\/index.php?rest_route=\/wp\/v2\/types\/post"}],"author":[{"embeddable":true,"href":"https:\/\/almkullens.se\/index.php?rest_route=\/wp\/v2\/users\/1"}],"replies":[{"embeddable":true,"href":"https:\/\/almkullens.se\/index.php?rest_route=%2Fwp%2Fv2%2Fcomments&post=10420"}],"version-history":[{"count":4,"href":"https:\/\/almkullens.se\/index.php?rest_route=\/wp\/v2\/posts\/10420\/revisions"}],"predecessor-version":[{"id":10445,"href":"https:\/\/almkullens.se\/index.php?rest_route=\/wp\/v2\/posts\/10420\/revisions\/10445"}],"wp:attachment":[{"href":"https:\/\/almkullens.se\/index.php?rest_route=%2Fwp%2Fv2%2Fmedia&parent=10420"}],"wp:term":[{"taxonomy":"category","embeddable":true,"href":"https:\/\/almkullens.se\/index.php?rest_route=%2Fwp%2Fv2%2Fcategories&post=10420"},{"taxonomy":"post_tag","embeddable":true,"href":"https:\/\/almkullens.se\/index.php?rest_route=%2Fwp%2Fv2%2Ftags&post=10420"}],"curies":[{"name":"wp","href":"https:\/\/api.w.org\/{rel}","templated":true}]}}