{"id":1035,"date":"2011-08-14T19:11:58","date_gmt":"2011-08-14T19:11:58","guid":{"rendered":"http:\/\/almkullens.se\/?p=1035"},"modified":"2011-08-14T19:11:58","modified_gmt":"2011-08-14T19:11:58","slug":"valptraff","status":"publish","type":"post","link":"https:\/\/almkullens.se\/?p=1035","title":{"rendered":"Valptr\u00e4ff"},"content":{"rendered":"<p>[singlepic id=558 w=320 h=240 float=right]Nu har vi haft v\u00e5r f\u00f6rsta valptr\u00e4ff. Alwin fr\u00e5n Mellbystrand, Auto fr\u00e5n Svenljunga och Alex fr\u00e5n Orust var de som med v\u00e5ran egen Aska fick n\u00e5gra timmar tillsammans h\u00e4r hemma i l\u00f6rdags. Det som vi fick se var vad vi hade hoppats p\u00e5&#8230;. Glada och frimodiga valpar som tillsammans busade runt och levde r\u00f6vare under n\u00e5gra timmar. N\u00e5gon uppvisning i lydnad var det inte meningen att det skulle bli utan meningen var denna g\u00e5ng att vi skulle f\u00e5 tr\u00e4ffas och titta p\u00e5 de sm\u00e5 trollen och eventuellt diskutera hur vi ska g\u00e5 vidare med den lydnads tr\u00e4ning som ligger f\u00f6re oss.<\/p>\n<p>Efter n\u00e5gra timmar uppe i en hage d\u00e4r vi grillade korv och drack kaffe s\u00e5 gick vi ner till en av v\u00e5ra dammar och d\u00e4r fick vi se det som vi s\u00e5g redan n\u00e4r valparna var 5 veckor&#8230; Ingen r\u00e4dder f\u00f6r vatten h\u00e4r. Nog s\u00e5 fick n\u00e5gra lite hj\u00e4lp p\u00e5 traven, men v\u00e4l i vattnet s\u00e5 simmade de som sm\u00e5 uttrar allihop och n\u00e4r jag bar ut dem till en liten \u00f6 som vi har i dammen s\u00e5 tog det inte l\u00e5ng stund innan de sj\u00e4lva gick i och simmade in till en v\u00e4ntande husse eller matte. N\u00e4r vi ska ha n\u00e4sta tr\u00e4ff vet vi inte \u00e4nnu men det kommer f\u00f6rmodligen bli n\u00e5gon g\u00e5ng i mitten p\u00e5 oktober och d\u00e5 s\u00e5 b\u00f6rjar allvaret och allt det roliga som kommer med detta. Kanske kan vi f\u00e5 se n\u00e5gra valpar som kan prestera sin f\u00f6rsta f\u00e5gelkontakt&#8230;vem vet..[nggallery id=25]<\/p>\n","protected":false},"excerpt":{"rendered":"<p>[singlepic id=558 w=320 h=240 float=right]Nu har vi haft v\u00e5r f\u00f6rsta valptr\u00e4ff. Alwin fr\u00e5n Mellbystrand, Auto fr\u00e5n Svenljunga och Alex fr\u00e5n Orust var de som med v\u00e5ran egen Aska fick n\u00e5gra timmar tillsammans h\u00e4r hemma i l\u00f6rdags. Det som vi fick se var vad vi hade hoppats p\u00e5&#8230;. Glada och frimodiga valpar som tillsammans busade runt [&hellip;]<\/p>\n","protected":false},"author":1,"featured_media":0,"comment_status":"open","ping_status":"open","sticky":false,"template":"","format":"standard","meta":{"_crdt_document":"","advgb_blocks_editor_width":"","advgb_blocks_columns_visual_guide":"","_jetpack_memberships_contains_paid_content":false,"footnotes":""},"categories":[1],"tags":[],"class_list":["post-1035","post","type-post","status-publish","format-standard","hentry","category-hem","entry"],"author_meta":{"display_name":"Peter &amp; Johanna","author_link":"https:\/\/almkullens.se\/?author=1"},"featured_img":null,"jetpack_featured_media_url":"","coauthors":[],"tax_additional":{"categories":{"linked":["<a href=\"https:\/\/almkullens.se\/?cat=1\" class=\"advgb-post-tax-term\">Hem<\/a>"],"unlinked":["<span class=\"advgb-post-tax-term\">Hem<\/span>"]}},"comment_count":"2","relative_dates":{"created":"Publicerad 15 \u00e5r sedan","modified":"Uppdaterad 15 \u00e5r sedan"},"absolute_dates":{"created":"Publicerat den 14 augusti, 2011","modified":"Uppdaterad den 14 augusti, 2011"},"absolute_dates_time":{"created":"Publicerat den 14 augusti, 2011 19:11","modified":"Uppdaterad den 14 augusti, 2011 19:11"},"featured_img_caption":"","series_order":"","jetpack_sharing_enabled":true,"_links":{"self":[{"href":"https:\/\/almkullens.se\/index.php?rest_route=\/wp\/v2\/posts\/1035","targetHints":{"allow":["GET"]}}],"collection":[{"href":"https:\/\/almkullens.se\/index.php?rest_route=\/wp\/v2\/posts"}],"about":[{"href":"https:\/\/almkullens.se\/index.php?rest_route=\/wp\/v2\/types\/post"}],"author":[{"embeddable":true,"href":"https:\/\/almkullens.se\/index.php?rest_route=\/wp\/v2\/users\/1"}],"replies":[{"embeddable":true,"href":"https:\/\/almkullens.se\/index.php?rest_route=%2Fwp%2Fv2%2Fcomments&post=1035"}],"version-history":[{"count":5,"href":"https:\/\/almkullens.se\/index.php?rest_route=\/wp\/v2\/posts\/1035\/revisions"}],"predecessor-version":[{"id":1040,"href":"https:\/\/almkullens.se\/index.php?rest_route=\/wp\/v2\/posts\/1035\/revisions\/1040"}],"wp:attachment":[{"href":"https:\/\/almkullens.se\/index.php?rest_route=%2Fwp%2Fv2%2Fmedia&parent=1035"}],"wp:term":[{"taxonomy":"category","embeddable":true,"href":"https:\/\/almkullens.se\/index.php?rest_route=%2Fwp%2Fv2%2Fcategories&post=1035"},{"taxonomy":"post_tag","embeddable":true,"href":"https:\/\/almkullens.se\/index.php?rest_route=%2Fwp%2Fv2%2Ftags&post=1035"}],"curies":[{"name":"wp","href":"https:\/\/api.w.org\/{rel}","templated":true}]}}