{"id":10060,"date":"2019-10-20T10:00:33","date_gmt":"2019-10-20T08:00:33","guid":{"rendered":"http:\/\/almkullens.se\/?p=10060"},"modified":"2019-10-20T10:06:22","modified_gmt":"2019-10-20T08:06:22","slug":"jaktprov-och-breton-sm","status":"publish","type":"post","link":"https:\/\/almkullens.se\/?p=10060","title":{"rendered":"Jaktprov och Breton-SM"},"content":{"rendered":"\n<div class=\"wp-block-image\"><figure class=\"alignright size-large is-resized\"><a href=\"https:\/\/almkullens.se\/wp-content\/uploads\/2019\/10\/815.jpg\" rel=\"lightbox[10060]\"><img loading=\"lazy\" decoding=\"async\" src=\"https:\/\/almkullens.se\/wp-content\/uploads\/2019\/10\/815-1024x683.jpg\" alt=\"\" class=\"wp-image-10061\" width=\"492\" height=\"327\" srcset=\"https:\/\/almkullens.se\/wp-content\/uploads\/2019\/10\/815-1024x683.jpg 1024w, https:\/\/almkullens.se\/wp-content\/uploads\/2019\/10\/815-300x200.jpg 300w, https:\/\/almkullens.se\/wp-content\/uploads\/2019\/10\/815-768x512.jpg 768w, https:\/\/almkullens.se\/wp-content\/uploads\/2019\/10\/815.jpg 1800w\" sizes=\"auto, (max-width: 492px) 100vw, 492px\" \/><\/a><figcaption>Almkullens Fia<\/figcaption><\/figure><\/div>\n\n\n<p><span style=\"color: #000000;\">Till SM var b\u00e5de Fia och Aska anm\u00e4lda men Aska satte ig\u00e5ng och l\u00f6pa bara 4 dagar innan SM&#8230;s\u00e5 hon fick stanna hemma. <br \/>Fia gick ut i par 5, det fanns ingen f\u00e5gel i sl\u00e4ppet men hon blev rankad h\u00f6gst av de hundar som inte hade haft en f\u00e5geltagning, Almkullens Fia gick utm\u00e4rkt hela dagen och fram p\u00e5 em. s\u00e5 stod hon \u00e4ntligen!!<br \/>Frisk avance och ut ur sn\u00e5ret for det en r\u00e4v!!! Fia var lugn i spr\u00e5ng men vad hj\u00e4lper det&#8230;<br \/>Tyv\u00e4rr s\u00e5 kom inte Fia f\u00f6r f\u00e5gel p\u00e5 hela dagen men vi gl\u00e4ds \u00e4nd\u00e5 \u00e5t att hon g\u00e5r s\u00e5 fantastiskt fint och att hon hela dagen var h\u00f6gst rankad av de &#8221;f\u00e5gell\u00f6sa&#8221;<\/span><\/p>\n<p><span style=\"color: #000000;\">Fias syster Freja var ocks\u00e5 med p\u00e5 SM, \u00e4ven hon gick riktigt bra och fram p\u00e5 em stod hon i rapsen, husse Anders anm\u00e4ler st\u00e5nd men partnern kommer och k\u00f6r upp kullen som hon stod f\u00f6r&#8230;snacka om missflyt \ud83d\ude2f Freja kom inte f\u00f6r n\u00e5gon mer f\u00e5gel denna dag.&nbsp;<\/span><\/p>\n\n\n<div class=\"wp-block-image\"><figure class=\"alignleft size-large is-resized\"><a href=\"https:\/\/almkullens.se\/wp-content\/uploads\/2019\/10\/1227.jpg\" rel=\"lightbox[10060]\"><img loading=\"lazy\" decoding=\"async\" src=\"https:\/\/almkullens.se\/wp-content\/uploads\/2019\/10\/1227-1024x683.jpg\" alt=\"\" class=\"wp-image-10063\" width=\"505\" height=\"335\"\/><\/a><figcaption> Grand&#8217;s Uniq Itro <\/figcaption><\/figure><\/div>\n\n\n<p><\/p>\n<p><span style=\"color: #000000;\">Vann SM det gjorde en dansk, Annie Hansen med Grand&#8217;s Uniq Itro. Stort Grattis till er!!<br \/>2:a kom ocks\u00e5 en dansk, Jens Ole Nielsen med sin hund Inouk De L\u2019ardour, Inouk \u00e4r ju pappa till v\u00e5r H-kull d\u00e4r vi har goa och duktiga Hexa boende kvar hos oss!<br \/>P\u00e5 3 plats kom Mats \u00c5berg med Smedgattu Carrera<br \/>Stort grattis till er 3 som hittade f\u00e5gel och blev placerade!<\/span><\/p>\n<p><\/p>\n\n\n<div class=\"wp-block-image\"><figure class=\"alignright size-large is-resized\"><a href=\"https:\/\/almkullens.se\/wp-content\/uploads\/2019\/10\/460.jpg\" rel=\"lightbox[10060]\"><img loading=\"lazy\" decoding=\"async\" src=\"https:\/\/almkullens.se\/wp-content\/uploads\/2019\/10\/460-1024x683.jpg\" alt=\"\" class=\"wp-image-10069\" width=\"496\" height=\"330\" srcset=\"https:\/\/almkullens.se\/wp-content\/uploads\/2019\/10\/460-1024x683.jpg 1024w, https:\/\/almkullens.se\/wp-content\/uploads\/2019\/10\/460-300x200.jpg 300w, https:\/\/almkullens.se\/wp-content\/uploads\/2019\/10\/460-768x512.jpg 768w, https:\/\/almkullens.se\/wp-content\/uploads\/2019\/10\/460.jpg 1800w\" sizes=\"auto, (max-width: 496px) 100vw, 496px\" \/><\/a><figcaption>Almkullens Eamon<\/figcaption><\/figure><\/div>\n\n\n<p><\/p>\n<p><span style=\"color: #000000;\">Men det fanns ju kvalit\u00e9tspartier ocks\u00e5!<\/span><\/p>\n<p><span style=\"color: #000000;\">Mia Nilsson som kom \u00e4nda fr\u00e5n<\/span> <span style=\"color: #000000;\">Pite\u00e5 med sin Almkullens Eamon var duktiga denna helgen, ett superfint 2 pris \u00d6kl p\u00e5 l\u00f6rdagen och ett fint 3 pris \u00d6kl p\u00e5 s\u00f6ndagen, s\u00e5\u00e5 bra jobbat!<br \/>Stort Grattis Mia!<br \/>Brorsan Dennis visade upp sin hund Almkullens Illt p\u00e5 ett finfint s\u00e4tt men tyv\u00e4rr inget pris denna g\u00e5ng.<\/span><\/p>\n<p><\/p>\n\n\n<div class=\"wp-block-image\"><figure class=\"alignleft size-large is-resized\"><a href=\"https:\/\/almkullens.se\/wp-content\/uploads\/2019\/10\/1937.jpg\" rel=\"lightbox[10060]\"><img loading=\"lazy\" decoding=\"async\" src=\"https:\/\/almkullens.se\/wp-content\/uploads\/2019\/10\/1937-1024x768.jpg\" alt=\"\" class=\"wp-image-10070\" width=\"522\" height=\"392\" srcset=\"https:\/\/almkullens.se\/wp-content\/uploads\/2019\/10\/1937-1024x768.jpg 1024w, https:\/\/almkullens.se\/wp-content\/uploads\/2019\/10\/1937-300x225.jpg 300w, https:\/\/almkullens.se\/wp-content\/uploads\/2019\/10\/1937-768x576.jpg 768w, https:\/\/almkullens.se\/wp-content\/uploads\/2019\/10\/1937.jpg 1800w\" sizes=\"auto, (max-width: 522px) 100vw, 522px\" \/><\/a><figcaption>Almkullens Isidor<\/figcaption><\/figure><\/div>\n\n\n<p>\u00a0<\/p>\n<p><span style=\"color: #000000;\">Peter Boustedt startade med sin unghund Almkullens Isidor och bel\u00f6nades med ett fint 3 pris i Ukl.<br \/>Stort Grattis Peter!<\/span><\/p>\n<p><span style=\"color: #000000;\">Patrich Orresol kom ner fr\u00e5n \u00c5sele med Almkullens Glittra men tyv\u00e4rr s\u00e5 blev det stolpe ut denna g\u00e5ng.<\/span><\/p>\n<p><span style=\"color: #000000;\">Almkullens Fia startade \u00e4ven p\u00e5 s\u00f6ndagen (Ekl) och hon gick riktigt bra \u00e4ven denna dag. Dagen f\u00f6rfl\u00f6t utan att Fia kom f\u00f6r f\u00e5gel men s\u00e5 \u00e4ntligen stod hon! Det var p\u00e5 samma st\u00e4lle som hon hade haft r\u00e4ven p\u00e5 dagen f\u00f6re.. gl\u00f6m inte att ducka sa skytten till Peter innan han reste Fia, Peter gav Fia resningsorder och tog ett steg fram\u00e5t och trampade ner i en djup h\u00e5la s\u00e5 han st\u00f6p&#8230; Fia reste friskt och tog rapph\u00f6nan i avansen&#8230; ja vad s\u00e4ger man? Man f\u00e5r inte ha otur&#8230; \ud83d\ude00\u00a0<\/span><\/p>\n<p><span style=\"color: #000000;\">V\u00e5ran Hexa fick prova p\u00e5 \u00d6kl denna dagen, hennes f\u00f6rsta sl\u00e4pp var inte det b\u00e4sta, hon var klart st\u00f6rd av all den vittring som en flock med g\u00e4ss hade l\u00e4mnat p\u00e5 f\u00e4ltet, resten av dagen gick hon bra s\u00e5 med en fin f\u00e5geltagning s\u00e5 r\u00e4ckte det till ett 2 pris i \u00d6kl!<\/span><\/p>\n\n\n<figure class=\"wp-block-gallery aligncenter columns-4 is-cropped wp-block-gallery-1\"><ul class=\"blocks-gallery-grid\"><li class=\"blocks-gallery-item\"><figure><a href=\"https:\/\/almkullens.se\/?attachment_id=10090\"><img loading=\"lazy\" decoding=\"async\" width=\"1024\" height=\"683\" src=\"https:\/\/almkullens.se\/wp-content\/uploads\/2019\/10\/Almkullens-Freja-3-1024x683.jpg\" alt=\"\" data-id=\"10090\" data-full-url=\"https:\/\/almkullens.se\/wp-content\/uploads\/2019\/10\/Almkullens-Freja-3.jpg\" data-link=\"https:\/\/almkullens.se\/?attachment_id=10090\" class=\"wp-image-10090\" srcset=\"https:\/\/almkullens.se\/wp-content\/uploads\/2019\/10\/Almkullens-Freja-3-1024x683.jpg 1024w, https:\/\/almkullens.se\/wp-content\/uploads\/2019\/10\/Almkullens-Freja-3-300x200.jpg 300w, https:\/\/almkullens.se\/wp-content\/uploads\/2019\/10\/Almkullens-Freja-3-768x512.jpg 768w, https:\/\/almkullens.se\/wp-content\/uploads\/2019\/10\/Almkullens-Freja-3.jpg 1800w\" sizes=\"auto, (max-width: 1024px) 100vw, 1024px\" \/><\/a><figcaption class=\"blocks-gallery-item__caption is-layout-flex wp-block-gallery-is-layout-flex\">Almkullens Freja<\/figcaption><\/figure><\/li><li class=\"blocks-gallery-item\"><figure><a href=\"https:\/\/almkullens.se\/?attachment_id=10092\"><img loading=\"lazy\" decoding=\"async\" width=\"1024\" height=\"683\" src=\"https:\/\/almkullens.se\/wp-content\/uploads\/2019\/10\/001-1024x683.jpg\" alt=\"\" data-id=\"10092\" data-full-url=\"https:\/\/almkullens.se\/wp-content\/uploads\/2019\/10\/001.jpg\" data-link=\"https:\/\/almkullens.se\/?attachment_id=10092\" class=\"wp-image-10092\" srcset=\"https:\/\/almkullens.se\/wp-content\/uploads\/2019\/10\/001-1024x683.jpg 1024w, https:\/\/almkullens.se\/wp-content\/uploads\/2019\/10\/001-300x200.jpg 300w, https:\/\/almkullens.se\/wp-content\/uploads\/2019\/10\/001-768x512.jpg 768w, https:\/\/almkullens.se\/wp-content\/uploads\/2019\/10\/001.jpg 1800w\" sizes=\"auto, (max-width: 1024px) 100vw, 1024px\" \/><\/a><figcaption class=\"blocks-gallery-item__caption\">Almkullens Hexa<\/figcaption><\/figure><\/li><li class=\"blocks-gallery-item\"><figure><a href=\"https:\/\/almkullens.se\/?attachment_id=10093\"><img loading=\"lazy\" decoding=\"async\" width=\"1024\" height=\"768\" src=\"https:\/\/almkullens.se\/wp-content\/uploads\/2019\/10\/076-1024x768.jpg\" alt=\"\" data-id=\"10093\" data-full-url=\"https:\/\/almkullens.se\/wp-content\/uploads\/2019\/10\/076.jpg\" data-link=\"https:\/\/almkullens.se\/?attachment_id=10093\" class=\"wp-image-10093\" srcset=\"https:\/\/almkullens.se\/wp-content\/uploads\/2019\/10\/076-1024x768.jpg 1024w, https:\/\/almkullens.se\/wp-content\/uploads\/2019\/10\/076-300x225.jpg 300w, https:\/\/almkullens.se\/wp-content\/uploads\/2019\/10\/076-768x576.jpg 768w, https:\/\/almkullens.se\/wp-content\/uploads\/2019\/10\/076.jpg 1800w\" sizes=\"auto, (max-width: 1024px) 100vw, 1024px\" \/><\/a><figcaption class=\"blocks-gallery-item__caption\">Almkullens Glittra<\/figcaption><\/figure><\/li><li class=\"blocks-gallery-item\"><figure><a href=\"https:\/\/almkullens.se\/?attachment_id=10094\"><img loading=\"lazy\" decoding=\"async\" width=\"1024\" height=\"683\" src=\"https:\/\/almkullens.se\/wp-content\/uploads\/2019\/10\/086-1024x683.jpg\" alt=\"\" data-id=\"10094\" data-full-url=\"https:\/\/almkullens.se\/wp-content\/uploads\/2019\/10\/086.jpg\" data-link=\"https:\/\/almkullens.se\/?attachment_id=10094\" class=\"wp-image-10094\" srcset=\"https:\/\/almkullens.se\/wp-content\/uploads\/2019\/10\/086-1024x683.jpg 1024w, https:\/\/almkullens.se\/wp-content\/uploads\/2019\/10\/086-300x200.jpg 300w, https:\/\/almkullens.se\/wp-content\/uploads\/2019\/10\/086-768x512.jpg 768w, https:\/\/almkullens.se\/wp-content\/uploads\/2019\/10\/086.jpg 1800w\" sizes=\"auto, (max-width: 1024px) 100vw, 1024px\" \/><\/a><figcaption class=\"blocks-gallery-item__caption\">Almkullens Glittra<\/figcaption><\/figure><\/li><li class=\"blocks-gallery-item\"><figure><a href=\"https:\/\/almkullens.se\/?attachment_id=10095\"><img loading=\"lazy\" decoding=\"async\" width=\"1024\" height=\"683\" src=\"https:\/\/almkullens.se\/wp-content\/uploads\/2019\/10\/310-1024x683.jpg\" alt=\"\" data-id=\"10095\" data-full-url=\"https:\/\/almkullens.se\/wp-content\/uploads\/2019\/10\/310.jpg\" data-link=\"https:\/\/almkullens.se\/?attachment_id=10095\" class=\"wp-image-10095\" srcset=\"https:\/\/almkullens.se\/wp-content\/uploads\/2019\/10\/310-1024x683.jpg 1024w, https:\/\/almkullens.se\/wp-content\/uploads\/2019\/10\/310-300x200.jpg 300w, https:\/\/almkullens.se\/wp-content\/uploads\/2019\/10\/310-768x512.jpg 768w, https:\/\/almkullens.se\/wp-content\/uploads\/2019\/10\/310.jpg 1800w\" sizes=\"auto, (max-width: 1024px) 100vw, 1024px\" \/><\/a><figcaption class=\"blocks-gallery-item__caption\">Almkullens Illt<\/figcaption><\/figure><\/li><li class=\"blocks-gallery-item\"><figure><a href=\"https:\/\/almkullens.se\/?attachment_id=10096\"><img loading=\"lazy\" decoding=\"async\" width=\"1024\" height=\"768\" src=\"https:\/\/almkullens.se\/wp-content\/uploads\/2019\/10\/467-1024x768.jpg\" alt=\"\" data-id=\"10096\" data-full-url=\"https:\/\/almkullens.se\/wp-content\/uploads\/2019\/10\/467.jpg\" data-link=\"https:\/\/almkullens.se\/?attachment_id=10096\" class=\"wp-image-10096\" srcset=\"https:\/\/almkullens.se\/wp-content\/uploads\/2019\/10\/467-1024x768.jpg 1024w, https:\/\/almkullens.se\/wp-content\/uploads\/2019\/10\/467-300x225.jpg 300w, https:\/\/almkullens.se\/wp-content\/uploads\/2019\/10\/467-768x576.jpg 768w, https:\/\/almkullens.se\/wp-content\/uploads\/2019\/10\/467.jpg 1800w\" sizes=\"auto, (max-width: 1024px) 100vw, 1024px\" \/><\/a><figcaption class=\"blocks-gallery-item__caption\">Almkullens Illt<\/figcaption><\/figure><\/li><li class=\"blocks-gallery-item\"><figure><a href=\"https:\/\/almkullens.se\/?attachment_id=10097\"><img loading=\"lazy\" decoding=\"async\" width=\"1024\" height=\"683\" src=\"https:\/\/almkullens.se\/wp-content\/uploads\/2019\/10\/853-1024x683.jpg\" alt=\"\" data-id=\"10097\" data-full-url=\"https:\/\/almkullens.se\/wp-content\/uploads\/2019\/10\/853.jpg\" data-link=\"https:\/\/almkullens.se\/?attachment_id=10097\" class=\"wp-image-10097\" srcset=\"https:\/\/almkullens.se\/wp-content\/uploads\/2019\/10\/853-1024x683.jpg 1024w, https:\/\/almkullens.se\/wp-content\/uploads\/2019\/10\/853-300x200.jpg 300w, https:\/\/almkullens.se\/wp-content\/uploads\/2019\/10\/853-768x512.jpg 768w, https:\/\/almkullens.se\/wp-content\/uploads\/2019\/10\/853.jpg 1800w\" sizes=\"auto, (max-width: 1024px) 100vw, 1024px\" \/><\/a><figcaption class=\"blocks-gallery-item__caption\">Almkullens Fia<\/figcaption><\/figure><\/li><li class=\"blocks-gallery-item\"><figure><a href=\"https:\/\/almkullens.se\/?attachment_id=10098\"><img loading=\"lazy\" decoding=\"async\" width=\"1024\" height=\"683\" src=\"https:\/\/almkullens.se\/wp-content\/uploads\/2019\/10\/Almkullens-Freja-1024x683.jpg\" alt=\"\" data-id=\"10098\" data-full-url=\"https:\/\/almkullens.se\/wp-content\/uploads\/2019\/10\/Almkullens-Freja.jpg\" data-link=\"https:\/\/almkullens.se\/?attachment_id=10098\" class=\"wp-image-10098\" srcset=\"https:\/\/almkullens.se\/wp-content\/uploads\/2019\/10\/Almkullens-Freja-1024x683.jpg 1024w, https:\/\/almkullens.se\/wp-content\/uploads\/2019\/10\/Almkullens-Freja-300x200.jpg 300w, https:\/\/almkullens.se\/wp-content\/uploads\/2019\/10\/Almkullens-Freja-768x512.jpg 768w, https:\/\/almkullens.se\/wp-content\/uploads\/2019\/10\/Almkullens-Freja.jpg 1800w\" sizes=\"auto, (max-width: 1024px) 100vw, 1024px\" \/><\/a><figcaption class=\"blocks-gallery-item__caption\">Almkullens Freja<\/figcaption><\/figure><\/li><li class=\"blocks-gallery-item\"><figure><a href=\"https:\/\/almkullens.se\/?attachment_id=10099\"><img loading=\"lazy\" decoding=\"async\" width=\"1024\" height=\"683\" src=\"https:\/\/almkullens.se\/wp-content\/uploads\/2019\/10\/Inouk-De-Lardour-2-1024x683.jpg\" alt=\"\" data-id=\"10099\" data-full-url=\"https:\/\/almkullens.se\/wp-content\/uploads\/2019\/10\/Inouk-De-Lardour-2.jpg\" data-link=\"https:\/\/almkullens.se\/?attachment_id=10099\" class=\"wp-image-10099\" srcset=\"https:\/\/almkullens.se\/wp-content\/uploads\/2019\/10\/Inouk-De-Lardour-2-1024x683.jpg 1024w, https:\/\/almkullens.se\/wp-content\/uploads\/2019\/10\/Inouk-De-Lardour-2-300x200.jpg 300w, https:\/\/almkullens.se\/wp-content\/uploads\/2019\/10\/Inouk-De-Lardour-2-768x512.jpg 768w, https:\/\/almkullens.se\/wp-content\/uploads\/2019\/10\/Inouk-De-Lardour-2.jpg 1800w\" sizes=\"auto, (max-width: 1024px) 100vw, 1024px\" \/><\/a><figcaption class=\"blocks-gallery-item__caption\">Inouk De L&#8217;ardour<\/figcaption><\/figure><\/li><li class=\"blocks-gallery-item\"><figure><a href=\"https:\/\/almkullens.se\/?attachment_id=10100\"><img loading=\"lazy\" decoding=\"async\" width=\"1024\" height=\"768\" src=\"https:\/\/almkullens.se\/wp-content\/uploads\/2019\/10\/Inouk-De-Lardour-3-1024x768.jpg\" alt=\"\" data-id=\"10100\" data-full-url=\"https:\/\/almkullens.se\/wp-content\/uploads\/2019\/10\/Inouk-De-Lardour-3.jpg\" data-link=\"https:\/\/almkullens.se\/?attachment_id=10100\" class=\"wp-image-10100\" srcset=\"https:\/\/almkullens.se\/wp-content\/uploads\/2019\/10\/Inouk-De-Lardour-3-1024x768.jpg 1024w, https:\/\/almkullens.se\/wp-content\/uploads\/2019\/10\/Inouk-De-Lardour-3-300x225.jpg 300w, https:\/\/almkullens.se\/wp-content\/uploads\/2019\/10\/Inouk-De-Lardour-3-768x576.jpg 768w, https:\/\/almkullens.se\/wp-content\/uploads\/2019\/10\/Inouk-De-Lardour-3.jpg 1800w\" sizes=\"auto, (max-width: 1024px) 100vw, 1024px\" \/><\/a><figcaption class=\"blocks-gallery-item__caption\">Inouk De L&#8217;ardour<\/figcaption><\/figure><\/li><li class=\"blocks-gallery-item\"><figure><a href=\"https:\/\/almkullens.se\/?attachment_id=10101\"><img loading=\"lazy\" decoding=\"async\" width=\"1024\" height=\"683\" src=\"https:\/\/almkullens.se\/wp-content\/uploads\/2019\/10\/Inouk-De-Lardour-1024x683.jpg\" alt=\"\" data-id=\"10101\" data-full-url=\"https:\/\/almkullens.se\/wp-content\/uploads\/2019\/10\/Inouk-De-Lardour.jpg\" data-link=\"https:\/\/almkullens.se\/?attachment_id=10101\" class=\"wp-image-10101\" srcset=\"https:\/\/almkullens.se\/wp-content\/uploads\/2019\/10\/Inouk-De-Lardour-1024x683.jpg 1024w, https:\/\/almkullens.se\/wp-content\/uploads\/2019\/10\/Inouk-De-Lardour-300x200.jpg 300w, https:\/\/almkullens.se\/wp-content\/uploads\/2019\/10\/Inouk-De-Lardour-768x512.jpg 768w, https:\/\/almkullens.se\/wp-content\/uploads\/2019\/10\/Inouk-De-Lardour.jpg 1800w\" sizes=\"auto, (max-width: 1024px) 100vw, 1024px\" \/><\/a><figcaption class=\"blocks-gallery-item__caption\">Inouk De L&#8217;ardour<\/figcaption><\/figure><\/li><\/ul><\/figure>\n","protected":false},"excerpt":{"rendered":"<p>Till SM var b\u00e5de Fia och Aska anm\u00e4lda men Aska satte ig\u00e5ng och l\u00f6pa bara 4 dagar innan SM&#8230;s\u00e5 hon fick stanna hemma. Fia gick ut i par 5, det fanns ingen f\u00e5gel i sl\u00e4ppet men hon blev rankad h\u00f6gst av de hundar som inte hade haft en f\u00e5geltagning, Almkullens Fia gick utm\u00e4rkt hela dagen [&hellip;]<\/p>\n","protected":false},"author":1,"featured_media":0,"comment_status":"open","ping_status":"open","sticky":false,"template":"","format":"standard","meta":{"_crdt_document":"","advgb_blocks_editor_width":"","advgb_blocks_columns_visual_guide":"","_jetpack_memberships_contains_paid_content":false,"footnotes":""},"categories":[1],"tags":[],"class_list":["post-10060","post","type-post","status-publish","format-standard","hentry","category-hem","entry"],"author_meta":{"display_name":"Peter &amp; Johanna","author_link":"https:\/\/almkullens.se\/?author=1"},"featured_img":null,"jetpack_featured_media_url":"","coauthors":[],"tax_additional":{"categories":{"linked":["<a href=\"https:\/\/almkullens.se\/?cat=1\" class=\"advgb-post-tax-term\">Hem<\/a>"],"unlinked":["<span class=\"advgb-post-tax-term\">Hem<\/span>"]}},"comment_count":"0","relative_dates":{"created":"Publicerad 7 \u00e5r sedan","modified":"Uppdaterad 7 \u00e5r sedan"},"absolute_dates":{"created":"Publicerat den 20 oktober, 2019","modified":"Uppdaterad den 20 oktober, 2019"},"absolute_dates_time":{"created":"Publicerat den 20 oktober, 2019 10:00","modified":"Uppdaterad den 20 oktober, 2019 10:06"},"featured_img_caption":"","series_order":"","jetpack_sharing_enabled":true,"_links":{"self":[{"href":"https:\/\/almkullens.se\/index.php?rest_route=\/wp\/v2\/posts\/10060","targetHints":{"allow":["GET"]}}],"collection":[{"href":"https:\/\/almkullens.se\/index.php?rest_route=\/wp\/v2\/posts"}],"about":[{"href":"https:\/\/almkullens.se\/index.php?rest_route=\/wp\/v2\/types\/post"}],"author":[{"embeddable":true,"href":"https:\/\/almkullens.se\/index.php?rest_route=\/wp\/v2\/users\/1"}],"replies":[{"embeddable":true,"href":"https:\/\/almkullens.se\/index.php?rest_route=%2Fwp%2Fv2%2Fcomments&post=10060"}],"version-history":[{"count":28,"href":"https:\/\/almkullens.se\/index.php?rest_route=\/wp\/v2\/posts\/10060\/revisions"}],"predecessor-version":[{"id":10104,"href":"https:\/\/almkullens.se\/index.php?rest_route=\/wp\/v2\/posts\/10060\/revisions\/10104"}],"wp:attachment":[{"href":"https:\/\/almkullens.se\/index.php?rest_route=%2Fwp%2Fv2%2Fmedia&parent=10060"}],"wp:term":[{"taxonomy":"category","embeddable":true,"href":"https:\/\/almkullens.se\/index.php?rest_route=%2Fwp%2Fv2%2Fcategories&post=10060"},{"taxonomy":"post_tag","embeddable":true,"href":"https:\/\/almkullens.se\/index.php?rest_route=%2Fwp%2Fv2%2Ftags&post=10060"}],"curies":[{"name":"wp","href":"https:\/\/api.w.org\/{rel}","templated":true}]}}