{"id":10022,"date":"2019-10-13T14:50:06","date_gmt":"2019-10-13T12:50:06","guid":{"rendered":"http:\/\/almkullens.se\/?p=10022"},"modified":"2019-10-13T14:50:06","modified_gmt":"2019-10-13T12:50:06","slug":"besok-fran-norr-och-traning","status":"publish","type":"post","link":"https:\/\/almkullens.se\/?p=10022","title":{"rendered":"Bes\u00f6k fr\u00e5n norr och tr\u00e4ning&#8230;"},"content":{"rendered":"\n<div class=\"wp-block-image\"><figure class=\"alignright size-large is-resized\"><a href=\"https:\/\/almkullens.se\/wp-content\/uploads\/2019\/10\/0001.jpg\" rel=\"lightbox[10022]\"><img loading=\"lazy\" decoding=\"async\" src=\"https:\/\/almkullens.se\/wp-content\/uploads\/2019\/10\/0001-1024x683.jpg\" alt=\"\" class=\"wp-image-10023\" width=\"472\" height=\"314\" srcset=\"https:\/\/almkullens.se\/wp-content\/uploads\/2019\/10\/0001-1024x683.jpg 1024w, https:\/\/almkullens.se\/wp-content\/uploads\/2019\/10\/0001-300x200.jpg 300w, https:\/\/almkullens.se\/wp-content\/uploads\/2019\/10\/0001-768x512.jpg 768w, https:\/\/almkullens.se\/wp-content\/uploads\/2019\/10\/0001.jpg 1800w\" sizes=\"auto, (max-width: 472px) 100vw, 472px\" \/><\/a><figcaption>Aska med en valp fr\u00e5n varje kull hon har haft!<br \/>Hexa-17 Eamon-14 Glittra-16 och mamma Aska<\/figcaption><\/figure><\/div>\n\n\n<p><span style=\"color: #000000;\">F\u00f6rra veckan hade vi v\u00e4ldigt trevligt finbes\u00f6k fr\u00e5n norr, Patrich Orresol var h\u00e4r med Almkullens Glittra, Mia Nilsson med Almkullens Eamon och Dennis Nilsson med Almkullens Illt, som kom ner f\u00f6r att tr\u00e4na sina hundar och starta p\u00e5 helgens jaktprov.<\/span><\/p>\n<p><span style=\"color: #000000;\">Vi startade p\u00e5 onsdagen med f\u00e4lt\/f\u00e5geltr\u00e4ning i Bretonklubbens regi, vi var 15 f\u00f6rare med 17 hundar (Aska hade precis b\u00f6rjat l\u00f6pa s\u00e5 jag var utan hund). Vi delade upp oss i 2 g\u00e4ng, och k\u00f6rde ut i markerna, vi hade f\u00e5gel p\u00e5 4 olika marker och sl\u00e4ppte\/satte ut mer \u00e4n 60 rapph\u00f6ns denna dag, f\u00f6rdelat p\u00e5 b\u00e5da grupperna och alla 4 markerna, s\u00e5 alla hade flera m\u00f6jligheter p\u00e5 f\u00e5gel. <\/span><br \/><span style=\"color: #000000;\">Med p\u00e5 tr\u00e4ningen fanns alla niv\u00e5er av erfarenhet bland hundarna, fr\u00e5n dom som aldrig st\u00e5tt f\u00e5r f\u00e5gel till elithundar, de flesta var dock unghundar, hela 10 st! Lydnaden bland hundarna var ocks\u00e5 den varierande.<\/span>..<\/p>\n<p><span style=\"color: #000000;\">Vi tackar alla som kom och gjorde denna dagen minnesv\u00e4rd \ud83d\ude00\u00a0<\/span><\/p>\n<p>\u00a0<\/p>\n\n\n<div class=\"wp-block-image\"><figure class=\"alignleft size-large is-resized\"><a href=\"https:\/\/almkullens.se\/wp-content\/uploads\/2019\/10\/005.jpg\" rel=\"lightbox[10022]\"><img loading=\"lazy\" decoding=\"async\" src=\"https:\/\/almkullens.se\/wp-content\/uploads\/2019\/10\/005-1024x683.jpg\" alt=\"\" class=\"wp-image-10024\" width=\"499\" height=\"332\" srcset=\"https:\/\/almkullens.se\/wp-content\/uploads\/2019\/10\/005-1024x683.jpg 1024w, https:\/\/almkullens.se\/wp-content\/uploads\/2019\/10\/005-300x200.jpg 300w, https:\/\/almkullens.se\/wp-content\/uploads\/2019\/10\/005-768x512.jpg 768w, https:\/\/almkullens.se\/wp-content\/uploads\/2019\/10\/005.jpg 1800w\" sizes=\"auto, (max-width: 499px) 100vw, 499px\" \/><\/a><\/figure><\/div>\n\n\n<p><span style=\"color: #000000;\">Den h\u00e4r tr\u00e4ningen startade vi upp redan 2013 f\u00f6rsta g\u00e5ngen, fr\u00e4mst f\u00f6r att v\u00e5ra bretonv\u00e4nner som kommer ifr\u00e5n norr med skog och fj\u00e4llmilj\u00f6 som hemmamarker skulle kunna komma ner och f\u00e5 tr\u00e4na n\u00e5gra dagar p\u00e5 f\u00e4lt med rapph\u00f6ns och fasan f\u00f6r att f\u00e5 en b\u00e4ttre chans att g\u00e5 till pris p\u00e5 f\u00e4ltprovet som \u00e4r i anslutning till tr\u00e4ningen. De senaste 2 \u00e5ren har Bretonklubben gener\u00f6st g\u00e5tt in och sponsrat en del av rapph\u00f6nsen vilket vi \u00e4r mycket tacksamma f\u00f6r! STORT TACK!!!<\/span><\/p>\n\n<p><span style=\"color: #000000;\">Jag m\u00e5ste ocks\u00e5 n\u00e4mna Dennis med Almkullens Illt, som fr\u00e5n att Illt inte har st\u00e5tt f\u00f6r f\u00e5gel till att han st\u00e5r, reser och stannar efter bara n\u00e5gra meter efter f\u00e5gel! <br \/>Och det \u00e4ven med en bra reviering i fin kontakt och fart! S\u00e5\u00e5 bra jobbat Dennis! Synd bara att det inte blev n\u00e5got pris i Falk\u00f6ping.\u00a0<\/span><\/p>\n\n\n<figure class=\"wp-block-gallery columns-3 is-cropped wp-block-gallery-1\"><ul class=\"blocks-gallery-grid\"><li class=\"blocks-gallery-item\"><figure><a href=\"https:\/\/almkullens.se\/wp-content\/uploads\/2019\/10\/003-1024x768.jpg\" rel=\"lightbox[10022]\"><img loading=\"lazy\" decoding=\"async\" width=\"1024\" height=\"768\" src=\"https:\/\/almkullens.se\/wp-content\/uploads\/2019\/10\/003-1024x768.jpg\" alt=\"\" data-id=\"10041\" data-link=\"https:\/\/almkullens.se\/?attachment_id=10041\" class=\"wp-image-10041\" srcset=\"https:\/\/almkullens.se\/wp-content\/uploads\/2019\/10\/003-1024x768.jpg 1024w, https:\/\/almkullens.se\/wp-content\/uploads\/2019\/10\/003-300x225.jpg 300w, https:\/\/almkullens.se\/wp-content\/uploads\/2019\/10\/003-768x576.jpg 768w, https:\/\/almkullens.se\/wp-content\/uploads\/2019\/10\/003.jpg 1800w\" sizes=\"auto, (max-width: 1024px) 100vw, 1024px\" \/><\/a><figcaption class=\"blocks-gallery-item__caption is-layout-flex wp-block-gallery-is-layout-flex\">Glittra<\/figcaption><\/figure><\/li><li class=\"blocks-gallery-item\"><figure><a href=\"https:\/\/almkullens.se\/wp-content\/uploads\/2019\/10\/0003-1024x768.jpg\" rel=\"lightbox[10022]\"><img loading=\"lazy\" decoding=\"async\" width=\"1024\" height=\"768\" src=\"https:\/\/almkullens.se\/wp-content\/uploads\/2019\/10\/0003-1024x768.jpg\" alt=\"\" data-id=\"10040\" data-link=\"https:\/\/almkullens.se\/?attachment_id=10040\" class=\"wp-image-10040\" srcset=\"https:\/\/almkullens.se\/wp-content\/uploads\/2019\/10\/0003-1024x768.jpg 1024w, https:\/\/almkullens.se\/wp-content\/uploads\/2019\/10\/0003-300x225.jpg 300w, https:\/\/almkullens.se\/wp-content\/uploads\/2019\/10\/0003-768x576.jpg 768w, https:\/\/almkullens.se\/wp-content\/uploads\/2019\/10\/0003.jpg 1800w\" sizes=\"auto, (max-width: 1024px) 100vw, 1024px\" \/><\/a><figcaption class=\"blocks-gallery-item__caption\">Patrich &amp; Glittra<\/figcaption><\/figure><\/li><li class=\"blocks-gallery-item\"><figure><a href=\"https:\/\/almkullens.se\/wp-content\/uploads\/2019\/10\/088-1024x1024.jpg\" rel=\"lightbox[10022]\"><img loading=\"lazy\" decoding=\"async\" width=\"1024\" height=\"1024\" src=\"https:\/\/almkullens.se\/wp-content\/uploads\/2019\/10\/088-1024x1024.jpg\" alt=\"\" data-id=\"10042\" data-link=\"https:\/\/almkullens.se\/?attachment_id=10042\" class=\"wp-image-10042\" srcset=\"https:\/\/almkullens.se\/wp-content\/uploads\/2019\/10\/088-1024x1024.jpg 1024w, https:\/\/almkullens.se\/wp-content\/uploads\/2019\/10\/088-150x150.jpg 150w, https:\/\/almkullens.se\/wp-content\/uploads\/2019\/10\/088-300x300.jpg 300w, https:\/\/almkullens.se\/wp-content\/uploads\/2019\/10\/088-768x768.jpg 768w, https:\/\/almkullens.se\/wp-content\/uploads\/2019\/10\/088.jpg 1800w\" sizes=\"auto, (max-width: 1024px) 100vw, 1024px\" \/><\/a><figcaption class=\"blocks-gallery-item__caption\">Illt<\/figcaption><\/figure><\/li><li class=\"blocks-gallery-item\"><figure><a href=\"https:\/\/almkullens.se\/wp-content\/uploads\/2019\/10\/175-1024x683.jpg\" rel=\"lightbox[10022]\"><img loading=\"lazy\" decoding=\"async\" width=\"1024\" height=\"683\" src=\"https:\/\/almkullens.se\/wp-content\/uploads\/2019\/10\/175-1024x683.jpg\" alt=\"\" data-id=\"10043\" data-link=\"https:\/\/almkullens.se\/?attachment_id=10043\" class=\"wp-image-10043\" srcset=\"https:\/\/almkullens.se\/wp-content\/uploads\/2019\/10\/175-1024x683.jpg 1024w, https:\/\/almkullens.se\/wp-content\/uploads\/2019\/10\/175-300x200.jpg 300w, https:\/\/almkullens.se\/wp-content\/uploads\/2019\/10\/175-768x512.jpg 768w, https:\/\/almkullens.se\/wp-content\/uploads\/2019\/10\/175.jpg 1800w\" sizes=\"auto, (max-width: 1024px) 100vw, 1024px\" \/><\/a><figcaption class=\"blocks-gallery-item__caption\">Illt<\/figcaption><\/figure><\/li><li class=\"blocks-gallery-item\"><figure><a href=\"https:\/\/almkullens.se\/wp-content\/uploads\/2019\/10\/231-1024x768.jpg\" rel=\"lightbox[10022]\"><img loading=\"lazy\" decoding=\"async\" width=\"1024\" height=\"768\" src=\"https:\/\/almkullens.se\/wp-content\/uploads\/2019\/10\/231-1024x768.jpg\" alt=\"\" data-id=\"10044\" data-link=\"https:\/\/almkullens.se\/?attachment_id=10044\" class=\"wp-image-10044\" srcset=\"https:\/\/almkullens.se\/wp-content\/uploads\/2019\/10\/231-1024x768.jpg 1024w, https:\/\/almkullens.se\/wp-content\/uploads\/2019\/10\/231-300x225.jpg 300w, https:\/\/almkullens.se\/wp-content\/uploads\/2019\/10\/231-768x576.jpg 768w, https:\/\/almkullens.se\/wp-content\/uploads\/2019\/10\/231.jpg 1800w\" sizes=\"auto, (max-width: 1024px) 100vw, 1024px\" \/><\/a><figcaption class=\"blocks-gallery-item__caption\">Illt<\/figcaption><\/figure><\/li><li class=\"blocks-gallery-item\"><figure><a href=\"https:\/\/almkullens.se\/wp-content\/uploads\/2019\/10\/1731-1024x683.jpg\" rel=\"lightbox[10022]\"><img loading=\"lazy\" decoding=\"async\" width=\"1024\" height=\"683\" src=\"https:\/\/almkullens.se\/wp-content\/uploads\/2019\/10\/1731-1024x683.jpg\" alt=\"\" data-id=\"10045\" data-link=\"https:\/\/almkullens.se\/?attachment_id=10045\" class=\"wp-image-10045\" srcset=\"https:\/\/almkullens.se\/wp-content\/uploads\/2019\/10\/1731-1024x683.jpg 1024w, https:\/\/almkullens.se\/wp-content\/uploads\/2019\/10\/1731-300x200.jpg 300w, https:\/\/almkullens.se\/wp-content\/uploads\/2019\/10\/1731-768x512.jpg 768w, https:\/\/almkullens.se\/wp-content\/uploads\/2019\/10\/1731.jpg 1800w\" sizes=\"auto, (max-width: 1024px) 100vw, 1024px\" \/><\/a><figcaption class=\"blocks-gallery-item__caption\">Eamon<\/figcaption><\/figure><\/li><li class=\"blocks-gallery-item\"><figure><a href=\"https:\/\/almkullens.se\/wp-content\/uploads\/2019\/10\/1737-1024x683.jpg\" rel=\"lightbox[10022]\"><img loading=\"lazy\" decoding=\"async\" width=\"1024\" height=\"683\" src=\"https:\/\/almkullens.se\/wp-content\/uploads\/2019\/10\/1737-1024x683.jpg\" alt=\"\" data-id=\"10046\" data-link=\"https:\/\/almkullens.se\/?attachment_id=10046\" class=\"wp-image-10046\" srcset=\"https:\/\/almkullens.se\/wp-content\/uploads\/2019\/10\/1737-1024x683.jpg 1024w, https:\/\/almkullens.se\/wp-content\/uploads\/2019\/10\/1737-300x200.jpg 300w, https:\/\/almkullens.se\/wp-content\/uploads\/2019\/10\/1737-768x512.jpg 768w, https:\/\/almkullens.se\/wp-content\/uploads\/2019\/10\/1737.jpg 1800w\" sizes=\"auto, (max-width: 1024px) 100vw, 1024px\" \/><\/a><figcaption class=\"blocks-gallery-item__caption\">Eamon<\/figcaption><\/figure><\/li><li class=\"blocks-gallery-item\"><figure><a href=\"https:\/\/almkullens.se\/wp-content\/uploads\/2019\/10\/IMG_3516.jpg\" rel=\"lightbox[10022]\"><img loading=\"lazy\" decoding=\"async\" width=\"1024\" height=\"473\" src=\"https:\/\/almkullens.se\/wp-content\/uploads\/2019\/10\/IMG_3516-1024x473.jpg\" alt=\"\" data-id=\"10047\" data-full-url=\"https:\/\/almkullens.se\/wp-content\/uploads\/2019\/10\/IMG_3516.jpg\" data-link=\"https:\/\/almkullens.se\/?attachment_id=10047\" class=\"wp-image-10047\" srcset=\"https:\/\/almkullens.se\/wp-content\/uploads\/2019\/10\/IMG_3516-1024x473.jpg 1024w, https:\/\/almkullens.se\/wp-content\/uploads\/2019\/10\/IMG_3516-300x139.jpg 300w, https:\/\/almkullens.se\/wp-content\/uploads\/2019\/10\/IMG_3516-768x355.jpg 768w\" sizes=\"auto, (max-width: 1024px) 100vw, 1024px\" \/><\/a><figcaption class=\"blocks-gallery-item__caption\">ena gruppen foto Annica Hallin<\/figcaption><\/figure><\/li><\/ul><\/figure>\n\n\n","protected":false},"excerpt":{"rendered":"<p>F\u00f6rra veckan hade vi v\u00e4ldigt trevligt finbes\u00f6k fr\u00e5n norr, Patrich Orresol var h\u00e4r med Almkullens Glittra, Mia Nilsson med Almkullens Eamon och Dennis Nilsson med Almkullens Illt, som kom ner f\u00f6r att tr\u00e4na sina hundar och starta p\u00e5 helgens jaktprov. Vi startade p\u00e5 onsdagen med f\u00e4lt\/f\u00e5geltr\u00e4ning i Bretonklubbens regi, vi var 15 f\u00f6rare med 17 [&hellip;]<\/p>\n","protected":false},"author":1,"featured_media":0,"comment_status":"open","ping_status":"open","sticky":false,"template":"","format":"standard","meta":{"_crdt_document":"","advgb_blocks_editor_width":"","advgb_blocks_columns_visual_guide":"","_jetpack_memberships_contains_paid_content":false,"footnotes":""},"categories":[1],"tags":[],"class_list":["post-10022","post","type-post","status-publish","format-standard","hentry","category-hem","entry"],"author_meta":{"display_name":"Peter &amp; Johanna","author_link":"https:\/\/almkullens.se\/?author=1"},"featured_img":null,"jetpack_featured_media_url":"","coauthors":[],"tax_additional":{"categories":{"linked":["<a href=\"https:\/\/almkullens.se\/?cat=1\" class=\"advgb-post-tax-term\">Hem<\/a>"],"unlinked":["<span class=\"advgb-post-tax-term\">Hem<\/span>"]}},"comment_count":"0","relative_dates":{"created":"Publicerad 7 \u00e5r sedan","modified":"Uppdaterad 7 \u00e5r sedan"},"absolute_dates":{"created":"Publicerat den 13 oktober, 2019","modified":"Uppdaterad den 13 oktober, 2019"},"absolute_dates_time":{"created":"Publicerat den 13 oktober, 2019 14:50","modified":"Uppdaterad den 13 oktober, 2019 14:50"},"featured_img_caption":"","series_order":"","jetpack_sharing_enabled":true,"_links":{"self":[{"href":"https:\/\/almkullens.se\/index.php?rest_route=\/wp\/v2\/posts\/10022","targetHints":{"allow":["GET"]}}],"collection":[{"href":"https:\/\/almkullens.se\/index.php?rest_route=\/wp\/v2\/posts"}],"about":[{"href":"https:\/\/almkullens.se\/index.php?rest_route=\/wp\/v2\/types\/post"}],"author":[{"embeddable":true,"href":"https:\/\/almkullens.se\/index.php?rest_route=\/wp\/v2\/users\/1"}],"replies":[{"embeddable":true,"href":"https:\/\/almkullens.se\/index.php?rest_route=%2Fwp%2Fv2%2Fcomments&post=10022"}],"version-history":[{"count":17,"href":"https:\/\/almkullens.se\/index.php?rest_route=\/wp\/v2\/posts\/10022\/revisions"}],"predecessor-version":[{"id":10049,"href":"https:\/\/almkullens.se\/index.php?rest_route=\/wp\/v2\/posts\/10022\/revisions\/10049"}],"wp:attachment":[{"href":"https:\/\/almkullens.se\/index.php?rest_route=%2Fwp%2Fv2%2Fmedia&parent=10022"}],"wp:term":[{"taxonomy":"category","embeddable":true,"href":"https:\/\/almkullens.se\/index.php?rest_route=%2Fwp%2Fv2%2Fcategories&post=10022"},{"taxonomy":"post_tag","embeddable":true,"href":"https:\/\/almkullens.se\/index.php?rest_route=%2Fwp%2Fv2%2Ftags&post=10022"}],"curies":[{"name":"wp","href":"https:\/\/api.w.org\/{rel}","templated":true}]}}